{"id":5254,"date":"2019-03-26T08:49:30","date_gmt":"2019-03-26T11:49:30","guid":{"rendered":"https:\/\/ead.unicentro.br\/?post_type=edital&#038;p=5254"},"modified":"2019-03-26T08:49:30","modified_gmt":"2019-03-26T11:49:30","slug":"edital-no-021-2019-propesp-nupg-unicentro-prorrogacao-de-prazo-de-inscricoes-para-ingresso-de-alunos-no-curso-de-pos-graduacao-lato-sensu-especializacao-mba-estrategias-cooperati","status":"publish","type":"post","link":"https:\/\/ead.unicentro.br\/editais\/edital-no-021-2019-propesp-nupg-unicentro-prorrogacao-de-prazo-de-inscricoes-para-ingresso-de-alunos-no-curso-de-pos-graduacao-lato-sensu-especializacao-mba-estrategias-cooperati\/","title":{"rendered":"EDITAL N\u00ba 021\/2019 &#8211; PROPESP\/NUPG\/UNICENTRO PRORROGA\u00c7\u00c3O DE PRAZO DE INSCRI\u00c7\u00d5ES PARA INGRESSO DE ALUNOS NO CURSO DE P\u00d3S-GRADUA\u00c7\u00c3O LATO SENSU \u2013 ESPECIALIZA\u00c7\u00c3O \u2013 MBA ESTRAT\u00c9GIAS COOPERATIVAS \u2013 MODALIDADE A DIST\u00c2NCIA"},"content":{"rendered":"<p>A Pr\u00f3-Reitoria de Pesquisa e P\u00f3s-Gradua\u00e7\u00e3o, em conjunto com o N\u00facleo de P\u00f3s-Gradua\u00e7\u00e3o \u2013 NUPG, o Departamento de Ci\u00eancias Econ\u00f4micas \u2013 DECON, a Coordena\u00e7\u00e3o do N\u00facleo de Educa\u00e7\u00e3o a Dist\u00e2ncia \u2013 NEAD\/UNICENTRO e o Cresol Instituto, no uso de suas atribui\u00e7\u00f5es legais conforme legisla\u00e7\u00e3o vigente, tornam p\u00fablica a\u00a0PRORROGA\u00c7\u00c3O DE PRAZO de INSCRI\u00c7\u00d5ES para ingresso de alunos junto ao curso de MBA ESTRAT\u00c9GIAS COOPERATIVAS COM \u00caNFASE EM NEG\u00d3CIOS E FINAN\u00c7AS ou COM \u00caNFASE EM GEST\u00c3O DE PESSOAS, ofertado na Modalidade a Dist\u00e2ncia pela Universidade Estadual do Centro-Oeste do Paran\u00e1, UNICENTRO para o ano de 2019.<br \/>\n<span style=\"color: #ff4000\"><strong><a style=\"color: #ff4000\" href=\"https:\/\/ead.unicentro.br\/wp-content\/uploads\/2019\/03\/EDITAL-021_2019-PRORROGA\u00c7\u00c3O-MBA-CRESOL-EAD-2019-2020.pdf\"><em>Acesse o edital<\/em><\/a><\/strong><\/span><\/p>\n","protected":false},"excerpt":{"rendered":"<p>A Pr\u00f3-Reitoria de Pesquisa e P\u00f3s-Gradua\u00e7\u00e3o, em conjunto com o N\u00facleo de P\u00f3s-Gradua\u00e7\u00e3o \u2013 NUPG, o Departamento de Ci\u00eancias Econ\u00f4micas [&hellip;]<\/p>\n","protected":false},"author":259,"featured_media":0,"comment_status":"closed","ping_status":"closed","sticky":false,"template":"","format":"standard","meta":{"_acf_changed":false,"_exactmetrics_skip_tracking":false,"_exactmetrics_sitenote_active":false,"_exactmetrics_sitenote_note":"","_exactmetrics_sitenote_category":0,"footnotes":""},"categories":[3],"tags":[],"tipo":[],"class_list":["post-5254","post","type-post","status-publish","format-standard","hentry","category-especializacao"],"acf":[],"_links":{"self":[{"href":"https:\/\/ead.unicentro.br\/editais\/wp-json\/wp\/v2\/posts\/5254","targetHints":{"allow":["GET"]}}],"collection":[{"href":"https:\/\/ead.unicentro.br\/editais\/wp-json\/wp\/v2\/posts"}],"about":[{"href":"https:\/\/ead.unicentro.br\/editais\/wp-json\/wp\/v2\/types\/post"}],"author":[{"embeddable":true,"href":"https:\/\/ead.unicentro.br\/editais\/wp-json\/wp\/v2\/users\/259"}],"replies":[{"embeddable":true,"href":"https:\/\/ead.unicentro.br\/editais\/wp-json\/wp\/v2\/comments?post=5254"}],"version-history":[{"count":0,"href":"https:\/\/ead.unicentro.br\/editais\/wp-json\/wp\/v2\/posts\/5254\/revisions"}],"wp:attachment":[{"href":"https:\/\/ead.unicentro.br\/editais\/wp-json\/wp\/v2\/media?parent=5254"}],"wp:term":[{"taxonomy":"category","embeddable":true,"href":"https:\/\/ead.unicentro.br\/editais\/wp-json\/wp\/v2\/categories?post=5254"},{"taxonomy":"post_tag","embeddable":true,"href":"https:\/\/ead.unicentro.br\/editais\/wp-json\/wp\/v2\/tags?post=5254"},{"taxonomy":"tipo","embeddable":true,"href":"https:\/\/ead.unicentro.br\/editais\/wp-json\/wp\/v2\/tipo?post=5254"}],"curies":[{"name":"wp","href":"https:\/\/api.w.org\/{rel}","templated":true}]}}