{"id":7915,"date":"2020-10-01T07:00:00","date_gmt":"2020-10-01T10:00:00","guid":{"rendered":"https:\/\/ead.unicentro.br\/editais\/?p=7915"},"modified":"2022-05-19T15:51:55","modified_gmt":"2022-05-19T18:51:55","slug":"edital-no028-2020-nead-uab-mec-unicentro-de-1o-de-outubro-de-2020","status":"publish","type":"post","link":"https:\/\/ead.unicentro.br\/editais\/edital-no028-2020-nead-uab-mec-unicentro-de-1o-de-outubro-de-2020\/","title":{"rendered":"EDITAL N\u00ba028\/2020 NEAD\/UAB\/MEC \u2013 UNICENTRO, DE 1\u00ba DE OUTUBRO DE 2020"},"content":{"rendered":"<p>Sele\u00e7\u00e3o de tutores para atua\u00e7\u00e3o nos cursos de gradua\u00e7\u00e3o em Bacharelado em Administra\u00e7\u00e3o P\u00fablica e Licenciaturas em Letras Portugu\u00eas e Pedagogia, na modalidade Educa\u00e7\u00e3o a Dist\u00e2ncia, da Universidade Estadual do Centro-Oeste.<\/p>\n<p><strong><a href=\"https:\/\/ead.unicentro.br\/editais\/wp-content\/uploads\/sites\/27\/2020\/09\/Edital-028-Edital-de-Abertura-Graduacoes.pdf\">Acesse o edital.<\/a><\/strong><\/p>\n<p><strong><a href=\"https:\/\/ead.unicentro.br\/editais\/edital-no30-2020-nead-uab-mec-unicentro-de-2-de-outubro-de-2020\/\">Retifica\u00e7\u00e3o do edital 28\/2020.<\/a><\/strong><\/p>\n","protected":false},"excerpt":{"rendered":"<p>Sele\u00e7\u00e3o de tutores para atua\u00e7\u00e3o nos cursos de gradua\u00e7\u00e3o em Bacharelado em Administra\u00e7\u00e3o P\u00fablica e Licenciaturas em Letras Portugu\u00eas e [&hellip;]<\/p>\n","protected":false},"author":259,"featured_media":0,"comment_status":"open","ping_status":"open","sticky":false,"template":"","format":"standard","meta":{"_acf_changed":false,"_exactmetrics_skip_tracking":false,"_exactmetrics_sitenote_active":false,"_exactmetrics_sitenote_note":"","_exactmetrics_sitenote_category":0,"footnotes":""},"categories":[5],"tags":[],"tipo":[10],"class_list":["post-7915","post","type-post","status-publish","format-standard","hentry","category-outros","tipo-selecao-de-tutores"],"acf":[],"_links":{"self":[{"href":"https:\/\/ead.unicentro.br\/editais\/wp-json\/wp\/v2\/posts\/7915","targetHints":{"allow":["GET"]}}],"collection":[{"href":"https:\/\/ead.unicentro.br\/editais\/wp-json\/wp\/v2\/posts"}],"about":[{"href":"https:\/\/ead.unicentro.br\/editais\/wp-json\/wp\/v2\/types\/post"}],"author":[{"embeddable":true,"href":"https:\/\/ead.unicentro.br\/editais\/wp-json\/wp\/v2\/users\/259"}],"replies":[{"embeddable":true,"href":"https:\/\/ead.unicentro.br\/editais\/wp-json\/wp\/v2\/comments?post=7915"}],"version-history":[{"count":1,"href":"https:\/\/ead.unicentro.br\/editais\/wp-json\/wp\/v2\/posts\/7915\/revisions"}],"predecessor-version":[{"id":7924,"href":"https:\/\/ead.unicentro.br\/editais\/wp-json\/wp\/v2\/posts\/7915\/revisions\/7924"}],"wp:attachment":[{"href":"https:\/\/ead.unicentro.br\/editais\/wp-json\/wp\/v2\/media?parent=7915"}],"wp:term":[{"taxonomy":"category","embeddable":true,"href":"https:\/\/ead.unicentro.br\/editais\/wp-json\/wp\/v2\/categories?post=7915"},{"taxonomy":"post_tag","embeddable":true,"href":"https:\/\/ead.unicentro.br\/editais\/wp-json\/wp\/v2\/tags?post=7915"},{"taxonomy":"tipo","embeddable":true,"href":"https:\/\/ead.unicentro.br\/editais\/wp-json\/wp\/v2\/tipo?post=7915"}],"curies":[{"name":"wp","href":"https:\/\/api.w.org\/{rel}","templated":true}]}}