{"id":8117,"date":"2020-12-08T19:12:22","date_gmt":"2020-12-08T22:12:22","guid":{"rendered":"https:\/\/ead.unicentro.br\/editais\/?p=8117"},"modified":"2020-12-10T18:12:38","modified_gmt":"2020-12-10T21:12:38","slug":"edital-no-55-2020-propesp-nupg-nead-unicentro-de-8-de-dezembro-de-2020","status":"publish","type":"post","link":"https:\/\/ead.unicentro.br\/editais\/edital-no-55-2020-propesp-nupg-nead-unicentro-de-8-de-dezembro-de-2020\/","title":{"rendered":"EDITAL N\u00ba 55\/2020 &#8211; PROPESP\/NUPG\/NEAD\/UNICENTRO, DE 8 DE DEZEMBRO DE 2020"},"content":{"rendered":"<p>Vagas Adicionais &#8211; Abertura de processo seletivo de alunos para curso de p\u00f3s-gradua\u00e7\u00e3o <em>Lato Sensu<\/em> &#8211; Especializa\u00e7\u00e3o &#8211; MBA em Gest\u00e3o P\u00fablica e Inova\u00e7\u00e3o, na modalidade Educa\u00e7\u00e3o a Dist\u00e2ncia, da Universidade Estadual do Centro-Oeste.<\/p>\n<p><a href=\"https:\/\/ead.unicentro.br\/editais\/wp-content\/uploads\/sites\/27\/2020\/12\/Edital-55-2020-ampliacao-das-vagas-Gestao-Publica-e-Inovacao-1.pdf\"><strong>Acesse o edital.<\/strong><\/a><\/p>\n","protected":false},"excerpt":{"rendered":"<p>Vagas Adicionais &#8211; Abertura de processo seletivo de alunos para curso de p\u00f3s-gradua\u00e7\u00e3o Lato Sensu &#8211; Especializa\u00e7\u00e3o &#8211; MBA em [&hellip;]<\/p>\n","protected":false},"author":259,"featured_media":0,"comment_status":"open","ping_status":"open","sticky":false,"template":"","format":"standard","meta":{"_acf_changed":false,"_exactmetrics_skip_tracking":false,"_exactmetrics_sitenote_active":false,"_exactmetrics_sitenote_note":"","_exactmetrics_sitenote_category":0,"footnotes":""},"categories":[3],"tags":[],"tipo":[],"class_list":["post-8117","post","type-post","status-publish","format-standard","hentry","category-especializacao"],"acf":[],"_links":{"self":[{"href":"https:\/\/ead.unicentro.br\/editais\/wp-json\/wp\/v2\/posts\/8117","targetHints":{"allow":["GET"]}}],"collection":[{"href":"https:\/\/ead.unicentro.br\/editais\/wp-json\/wp\/v2\/posts"}],"about":[{"href":"https:\/\/ead.unicentro.br\/editais\/wp-json\/wp\/v2\/types\/post"}],"author":[{"embeddable":true,"href":"https:\/\/ead.unicentro.br\/editais\/wp-json\/wp\/v2\/users\/259"}],"replies":[{"embeddable":true,"href":"https:\/\/ead.unicentro.br\/editais\/wp-json\/wp\/v2\/comments?post=8117"}],"version-history":[{"count":1,"href":"https:\/\/ead.unicentro.br\/editais\/wp-json\/wp\/v2\/posts\/8117\/revisions"}],"predecessor-version":[{"id":8120,"href":"https:\/\/ead.unicentro.br\/editais\/wp-json\/wp\/v2\/posts\/8117\/revisions\/8120"}],"wp:attachment":[{"href":"https:\/\/ead.unicentro.br\/editais\/wp-json\/wp\/v2\/media?parent=8117"}],"wp:term":[{"taxonomy":"category","embeddable":true,"href":"https:\/\/ead.unicentro.br\/editais\/wp-json\/wp\/v2\/categories?post=8117"},{"taxonomy":"post_tag","embeddable":true,"href":"https:\/\/ead.unicentro.br\/editais\/wp-json\/wp\/v2\/tags?post=8117"},{"taxonomy":"tipo","embeddable":true,"href":"https:\/\/ead.unicentro.br\/editais\/wp-json\/wp\/v2\/tipo?post=8117"}],"curies":[{"name":"wp","href":"https:\/\/api.w.org\/{rel}","templated":true}]}}