{"id":9329,"date":"2022-03-21T09:46:32","date_gmt":"2022-03-21T12:46:32","guid":{"rendered":"https:\/\/ead.unicentro.br\/editais\/?p=9329"},"modified":"2022-03-21T09:47:20","modified_gmt":"2022-03-21T12:47:20","slug":"edital-no-002-2022-nead-unicentro-fundecamp-uvpr-de-21-de-marco-de-2022","status":"publish","type":"post","link":"https:\/\/ead.unicentro.br\/editais\/edital-no-002-2022-nead-unicentro-fundecamp-uvpr-de-21-de-marco-de-2022\/","title":{"rendered":"EDITAL N\u00ba 002\/2022 \u2013 NEAD\/UNICENTRO\/FUNDECAMP\/UVPR, DE 21 DE MAR\u00c7O DE 2022"},"content":{"rendered":"<p>Prorroga\u00e7\u00e3o do prazo de inscri\u00e7\u00f5es e novo cronograma para sele\u00e7\u00e3o de bolsistas para o Programa de Forma\u00e7\u00e3o para Educa\u00e7\u00e3o Digital.<\/p>\n<p><a href=\"https:\/\/ead.unicentro.br\/editais\/wp-content\/uploads\/sites\/27\/2022\/03\/EDITAL-No-002_2022-\u2013-NEAD_UNICENTRO_FUNDECAMP_UVPR-DE-21-DE-MARCO-DE-2022.pdf\"><strong>Acesse o edital.<\/strong><\/a><\/p>\n<p><a href=\"https:\/\/ead.unicentro.br\/editais\/wp-content\/uploads\/sites\/27\/2022\/03\/EDITAL-No-001-2022-DE-07-DE-MARCO-DE-2022-PROED-OK.pdf\"><strong>Acesse o edital de abertura.<\/strong><\/a><\/p>\n","protected":false},"excerpt":{"rendered":"<p>Prorroga\u00e7\u00e3o do prazo de inscri\u00e7\u00f5es e novo cronograma para sele\u00e7\u00e3o de bolsistas para o Programa de Forma\u00e7\u00e3o para Educa\u00e7\u00e3o Digital. [&hellip;]<\/p>\n","protected":false},"author":266,"featured_media":0,"comment_status":"open","ping_status":"open","sticky":false,"template":"","format":"standard","meta":{"_acf_changed":false,"_exactmetrics_skip_tracking":false,"_exactmetrics_sitenote_active":false,"_exactmetrics_sitenote_note":"","_exactmetrics_sitenote_category":0,"footnotes":""},"categories":[5],"tags":[],"tipo":[],"class_list":["post-9329","post","type-post","status-publish","format-standard","hentry","category-outros"],"acf":[],"_links":{"self":[{"href":"https:\/\/ead.unicentro.br\/editais\/wp-json\/wp\/v2\/posts\/9329","targetHints":{"allow":["GET"]}}],"collection":[{"href":"https:\/\/ead.unicentro.br\/editais\/wp-json\/wp\/v2\/posts"}],"about":[{"href":"https:\/\/ead.unicentro.br\/editais\/wp-json\/wp\/v2\/types\/post"}],"author":[{"embeddable":true,"href":"https:\/\/ead.unicentro.br\/editais\/wp-json\/wp\/v2\/users\/266"}],"replies":[{"embeddable":true,"href":"https:\/\/ead.unicentro.br\/editais\/wp-json\/wp\/v2\/comments?post=9329"}],"version-history":[{"count":1,"href":"https:\/\/ead.unicentro.br\/editais\/wp-json\/wp\/v2\/posts\/9329\/revisions"}],"predecessor-version":[{"id":9332,"href":"https:\/\/ead.unicentro.br\/editais\/wp-json\/wp\/v2\/posts\/9329\/revisions\/9332"}],"wp:attachment":[{"href":"https:\/\/ead.unicentro.br\/editais\/wp-json\/wp\/v2\/media?parent=9329"}],"wp:term":[{"taxonomy":"category","embeddable":true,"href":"https:\/\/ead.unicentro.br\/editais\/wp-json\/wp\/v2\/categories?post=9329"},{"taxonomy":"post_tag","embeddable":true,"href":"https:\/\/ead.unicentro.br\/editais\/wp-json\/wp\/v2\/tags?post=9329"},{"taxonomy":"tipo","embeddable":true,"href":"https:\/\/ead.unicentro.br\/editais\/wp-json\/wp\/v2\/tipo?post=9329"}],"curies":[{"name":"wp","href":"https:\/\/api.w.org\/{rel}","templated":true}]}}